{"id":952,"date":"2022-02-22T09:50:10","date_gmt":"2022-02-22T08:50:10","guid":{"rendered":"https:\/\/nize-d.com\/prematriculacion-para-el-curso-2022-2023\/"},"modified":"2022-02-22T17:33:06","modified_gmt":"2022-02-22T16:33:06","slug":"prematriculacion-para-el-curso-2022-2023","status":"publish","type":"post","link":"https:\/\/nize-d.com\/es\/prematriculacion-para-el-curso-2022-2023\/","title":{"rendered":"Prematriculaci\u00f3n para el curso 2022-2023"},"content":{"rendered":"\n<p>El plazo de prematr\u00edcula para el segundo ciclo de Educaci\u00f3n Infantil y Educaci\u00f3n Primaria ser\u00e1 del 7 al 11 de marzo en Navarra. Afecta a las ni\u00f1as y ni\u00f1os nacidos en 2019 (5.332) y a sus familias.<\/p>\n\n\n\n<h2 class=\"wp-block-heading\" id=\"eskariak\">Solicitudes <\/h2>\n\n\n\n<p>Las solicitudes para participar en el proceso ordinario de admisi\u00f3n, que se tramitar\u00e1n preferentemente de forma telem\u00e1tica, deber\u00e1n ser formalizadas por los padres con patria potestad o por los tutores legales de los alumnos, quedando exento de este requisito el alumnado que acceda al centro adscrito. No obstante, a petici\u00f3n de la familia, cualquiera de los centros indicados en la solicitud de admisi\u00f3n, independientemente del orden indicado en la misma, deber\u00e1 colaborar en la tramitaci\u00f3n de la solicitud y, a petici\u00f3n del solicitante, presentarla de forma delegada. Para ello, las familias pueden acudir a la secretar\u00eda de los centros para solicitar esta colaboraci\u00f3n. <\/p>\n\n\n\n<p>Se deber\u00e1 presentar una \u00fanica solicitud para cada alumno o alumna, en la que se indicar\u00e1 qu\u00e9 centro se ha elegido como primera opci\u00f3n y, en caso de no ser adjudicatario de plaza en el centro de primera opci\u00f3n, se podr\u00e1n presentar otros cinco centros adicionales por orden de preferencia. Para cada uno de los centros solicitados, los solicitantes concurrir\u00e1n con la puntuaci\u00f3n resultante de la suma de los puntos obtenidos en aplicaci\u00f3n del baremo. Teniendo en cuenta el orden en el que se han colocado los centros en la solicitud, se adjudicar\u00e1 plaza al solicitante en el centro de mayor orden de preferencia de los admitidos. <\/p>\n\n\n\n<p>Los centros de primera opci\u00f3n ser\u00e1n los encargados de introducir en EDUCA los datos del alumnado preinscrito, verificarlos y aplicar los criterios de baremaci\u00f3n. Estos son los criterios: <\/p>\n\n\n\n<ul class=\"wp-block-list\"><li>Presencia de hermanos matriculados en el centro (3 puntos)<\/li><li>Proximidad del domicilio o centro de trabajo de los padres o tutores legales (4, 3, 1, 0 puntos)<\/li><li>Renta per c\u00e1pita de la unidad familiar (3, 2, 1, 0 puntos)<\/li><li>Discapacidad en el alumno\/a o en alg\u00fan progenitor\/a, tutor\/a legal o hermano\/a (2.5, 2, 0.5 puntos)<\/li><li>Ser v\u00edctima de violencia de g\u00e9nero o terrorismo (1 punto)<\/li><li>Padres o tutores legales que trabajan en el centro (0.8 puntos)<\/li><li>Condici\u00f3n legal de familia numerosa (0.8 puntos)<\/li><li>Situaci\u00f3n de acogimiento familiar del alumno\/a (0.8 puntos)<\/li><li>Familia monoparental (0.8 puntos)<\/li><li>Alumnado nacido de parto m\u00faltiple (0.8 puntos)<\/li><\/ul>\n\n\n\n<p>En caso de persistir el empate, se utilizar\u00e1 el criterio complementario de \u00abproximidad lineal\u00bb (0,5 puntos, distancia lineal determinada mediante el instrumento de geolocalizaci\u00f3n incluido en EDUCA, de vivienda familiar o centro de trabajo, seg\u00fan la opci\u00f3n elegida, hasta el centro de ense\u00f1anza si es igual o inferior a 1.500 metros). Si el empate no se hubiera deshecho, se proceder\u00e1 al sorteo, que se celebrar\u00e1 a las 13:00 horas del d\u00eda 4 de marzo de 2022, en acto p\u00fablico, en el Departamento de Educaci\u00f3n, ante el \u00f3rgano competente. <\/p>\n\n\n\n<figure class=\"wp-block-embed is-type-video is-provider-youtube wp-block-embed-youtube wp-embed-aspect-16-9 wp-has-aspect-ratio\"><div class=\"wp-block-embed__wrapper\">\n<div class=\"nv-iframe-embed\"><iframe loading=\"lazy\" title=\"NIZE 2022 - AURREMATRIKULAZIO KANPAINA\" width=\"1200\" height=\"675\" src=\"https:\/\/www.youtube.com\/embed\/1EemGMlSK3Q?feature=oembed\" frameborder=\"0\" allow=\"accelerometer; autoplay; clipboard-write; encrypted-media; gyroscope; picture-in-picture\" allowfullscreen><\/iframe><\/div>\n<\/div><\/figure>\n","protected":false},"excerpt":{"rendered":"<p>El plazo de prematr\u00edcula para el segundo ciclo de Educaci\u00f3n Infantil y Educaci\u00f3n Primaria ser\u00e1 del 7 al 11 de marzo en Navarra. Afecta a las ni\u00f1as y ni\u00f1os nacidos en 2019 (5.332) y a sus familias. Solicitudes Las solicitudes para participar en el proceso ordinario de admisi\u00f3n, que se tramitar\u00e1n preferentemente de forma telem\u00e1tica,&hellip;&nbsp;<a href=\"https:\/\/nize-d.com\/es\/prematriculacion-para-el-curso-2022-2023\/\" class=\"\" rel=\"bookmark\">Leer m\u00e1s &raquo;<span class=\"screen-reader-text\">Prematriculaci\u00f3n para el curso 2022-2023<\/span><\/a><\/p>\n","protected":false},"author":2,"featured_media":943,"comment_status":"closed","ping_status":"closed","sticky":false,"template":"","format":"standard","meta":{"neve_meta_sidebar":"","neve_meta_container":"","neve_meta_enable_content_width":"","neve_meta_content_width":0,"neve_meta_title_alignment":"","neve_meta_author_avatar":"","neve_post_elements_order":"","neve_meta_disable_header":"","neve_meta_disable_footer":"","neve_meta_disable_title":"","_themeisle_gutenberg_block_has_review":false,"footnotes":""},"categories":[61,60,59],"tags":[],"class_list":["post-952","post","type-post","status-publish","format-standard","has-post-thumbnail","hentry","category-matriculacion","category-modelo-d","category-prematriculacion"],"_links":{"self":[{"href":"https:\/\/nize-d.com\/es\/wp-json\/wp\/v2\/posts\/952","targetHints":{"allow":["GET"]}}],"collection":[{"href":"https:\/\/nize-d.com\/es\/wp-json\/wp\/v2\/posts"}],"about":[{"href":"https:\/\/nize-d.com\/es\/wp-json\/wp\/v2\/types\/post"}],"author":[{"embeddable":true,"href":"https:\/\/nize-d.com\/es\/wp-json\/wp\/v2\/users\/2"}],"replies":[{"embeddable":true,"href":"https:\/\/nize-d.com\/es\/wp-json\/wp\/v2\/comments?post=952"}],"version-history":[{"count":3,"href":"https:\/\/nize-d.com\/es\/wp-json\/wp\/v2\/posts\/952\/revisions"}],"predecessor-version":[{"id":976,"href":"https:\/\/nize-d.com\/es\/wp-json\/wp\/v2\/posts\/952\/revisions\/976"}],"wp:featuredmedia":[{"embeddable":true,"href":"https:\/\/nize-d.com\/es\/wp-json\/wp\/v2\/media\/943"}],"wp:attachment":[{"href":"https:\/\/nize-d.com\/es\/wp-json\/wp\/v2\/media?parent=952"}],"wp:term":[{"taxonomy":"category","embeddable":true,"href":"https:\/\/nize-d.com\/es\/wp-json\/wp\/v2\/categories?post=952"},{"taxonomy":"post_tag","embeddable":true,"href":"https:\/\/nize-d.com\/es\/wp-json\/wp\/v2\/tags?post=952"}],"curies":[{"name":"wp","href":"https:\/\/api.w.org\/{rel}","templated":true}]}}